{"id":1444,"date":"2020-05-30T00:16:45","date_gmt":"2020-05-30T04:16:45","guid":{"rendered":"https:\/\/catalystct.wpenginepowered.com\/featured-article-upcoming-behavioral-health-webinars-may-30-june-12\/"},"modified":"2020-05-30T00:16:45","modified_gmt":"2020-05-30T04:16:45","slug":"featured-article-upcoming-behavioral-health-webinars-may-30-june-12","status":"publish","type":"post","link":"https:\/\/catalystct.org\/es\/featured-article-upcoming-behavioral-health-webinars-may-30-june-12\/","title":{"rendered":"Featured Article &#38; Upcoming Behavioral Health Webinars May 30-June 12"},"content":{"rendered":"<\/p>\n<figure><img decoding=\"async\" src=\"https:\/\/static.wixstatic.com\/media\/8dc1cb_fb8eae2c2d2546f9a60d8ddef46ca68d~mv2.png\/v1\/fit\/w_940,h_788,al_c,q_80\/file.png\" alt=\"\" title=\"\"><\/figure>\n<h3><span style=\"color: #502b7b;\"><strong>Concientizaci\u00f3n sobre la salud mental durante la COVID-19<\/strong><\/span><\/h3>\n<h3> <\/h3>\n<h3> <span style=\"color: #502b7b;\">&quot;Hasta ahora, 2020 ha estado marcado por el estr\u00e9s, el aislamiento y la incertidumbre, incluso para aquellos afortunados que se han mantenido saludables y econ\u00f3micamente estables. La COVID-19 ha cambiado la forma en que reconocemos el mes de mayo como el Mes de Concientizaci\u00f3n sobre la Salud Mental, y este es el primer a\u00f1o en el que pr\u00e1cticamente todos han experimentado alg\u00fan nivel de ansiedad o depresi\u00f3n. <\/span><\/h3>\n<h3> <\/h3>\n<h3><span style=\"color: #502b7b;\">Este a\u00f1o, <\/span><em><span style=\"color: #502b7b;\">en cambio<\/span><\/em><span style=\"color: #502b7b;\"> Adem\u00e1s de centrarse en la concienciaci\u00f3n y la erradicaci\u00f3n del estigma, los esfuerzos apuntan a garantizar que todos sepan c\u00f3mo acceder al apoyo&quot;.<\/span><\/h3>\n<h3> <\/h3>\n<h3><span style=\"color: #502b7b;\"><strong>Echa un vistazo a esta funci\u00f3n <\/strong><\/span><a href=\"\/es\/l.facebook.com\/l.php\/?u=https%3A%2F%2Ffccfoundation.org%2Fmental-health-awareness-during-covid%2F%3Ffbclid%3DIwAR116bcSxWRQW_FTEAbS_eyChAAhgMbqh4aq_j0fuyf39t7TS91Qjcfqc18&#038;h=AT3XEGZ4yOkMe14SZLoG6ibz78ccpw4W1MKbzv8Tg0Ffphj2lk5LafoZ5ZUiuTUzHTU8WediDDDb6iHI2kdsI_snqvHyCNK85qog0ToPfYr1G9C65epf2db8N4pi1XADVlWu21YlB7VY1JE23eF0-D_F06NY37a7LSHDHzY0Fla6EXwTEx_fpmxkitooZdVvCop_2pxklK6M3Txsw1XB4iBsBILaYH_jeYo34EfpYGJo6RYEPbsMwOPehUjDZboD5LgFrIvTRDYfMlDVS0A9YB4F8724rNGMSGTPOxqQqJ0DPTFk8NoiP5bURoi20YqOiekpEHGNBMvAHz_tmJ2QeBQxon9RDu0hcX4TLdlONyuy01tYQ0hTBBk5veCLnxQuy0SbCDzdMG4mRTjE2LXFhhosl_dTy2Gv0DohejNYIftrBo6x7dj-bV4Lpzz5kcYIAriHf_DsyLXVKg9bTSGwa347DvSUfNFi3mbIuWAZMgib277MJyi6YTkW9gZYIUMokylX38bF0DrFZyFpSZfYg4kMKiVDyFOR39ncq6ukWhcErci2ydnE5ME5tLG-M80XmX_1cTvQmqm_Z9ycOoRzwdi2WjSBUu89FJTAWc-FBR9KSPX7zZjZcO4aSKx88QQ26J2sBIyelNtZKK2vxJ_HeIj7aYEnXT72mKo\" target=\"_blank\" rel=\"noopener\"><span style=\"color: #502b7b;\"><strong>art\u00edculo<\/strong><\/span><\/a><span style=\"color: #502b7b;\"><strong> por la Fundaci\u00f3n Comunitaria del Condado de Fairfield y Margaret Watt de The Hub, sobre la concientizaci\u00f3n sobre la salud mental durante la crisis del COVID-19.  <\/strong><\/span><\/h3>\n<p style=\"text-align: center;\">\n<\/p>\n<p><strong>Consulte tambi\u00e9n estos seminarios web\u2026 <\/strong><\/p>\n<\/p>\n<figure><img decoding=\"async\" src=\"https:\/\/static.wixstatic.com\/media\/8dc1cb_8901b4c434504499b8cc799d2d52f32d~mv2.jpg\/v1\/fit\/w_1000,h_1000,al_c,q_80\/file.png\" alt=\"\" title=\"\"><\/figure>\n<\/p>\n<ul>\n<li>\n<p><span style=\"color: #824f9e;\"><strong>Foro de encuentro de coaches de recuperaci\u00f3n <\/strong><\/span><span style=\"color: #b16faf;\">por el Centro M\u00e9dico de Boston para el Tratamiento de Adicciones en el Consultorio (OBAT) \u2013 1 de junio, 12:00 p. m. a 1:00 p. m. \u2013 Reg\u00edstrese <\/span><a href=\"\/es\/www.bmcobat.org\/training\/register\/\" target=\"_blank\" rel=\"noopener\"><span style=\"color: #b16faf;\"><strong>AQU\u00cd<\/strong><\/span><\/a>  <\/p>\n<\/li>\n<li>\n<p><span style=\"color: #824f9e;\"><strong>&quot;Hitos perdidos: c\u00f3mo ayudar a sus hijos a adaptarse a nuestra nueva realidad&quot;<\/strong><\/span><span style=\"color: #b16faf;\">\u2013 por Brain &amp; Behavior Research Foundation \u2013 1 de junio, 19:00 a 20:00 h \u2013 Inscripci\u00f3n <\/span><a href=\"\/es\/r20.rs6.net\/tn.jsp\/?f=001Cy9mwt5tcvOpjdaEauzvXJFjPcZmEtbfJ3o0r4hEwX4oFaB4Eq_OMy33RFl0nitFeSpiIaKvK9tpSFW7r5grt5XaPHcI6oKPBdIj-xv0adEL0-cgngJeHCINJtVXC79ZvVEL46OGH7aX03qBubUWoKCmIsxSzIdzHfB3mWfZJq8IfeJFAvZSfpGqgFw4yxMDDD3jKhi7vBzd2KIwlqgup0unzizP1yvImVED99AWq_utU_YrLFrOlOSqk21W4Xbjo9eCnVzutRseEhBt1fYE7IjJuyKk1tXZ&#038;c=XI3J3RMGuFsaf2cyFS9YOuz0U0y3POwKOV72h93P4zTIQYYMB9CwPQ==&#038;ch=qsxXtOAB0KodmbR2igCxXClY4SLZK4FDJflCL6y-Z8g6C8nMjaGlSQ==\" target=\"_blank\" rel=\"noopener\"><span style=\"color: #b16faf;\"><strong>AQU\u00cd<\/strong><\/span><\/a>  <\/p>\n<\/li>\n<li>\n<p><span style=\"color: #824f9e;\"><strong>&quot;C\u00f3mo aprovechar las redes sociales para influir en su comunidad&quot;<\/strong><\/span><span style=\"color: #b16faf;\">\u2013 por Brain &amp; Behavior Research Foundation \u2013 3 de junio, 10:30 a. m. a 11:30 a. m. \u2013 Inscr\u00edbase <\/span><a href=\"\/es\/us02web.zoom.us\/j\/82264130042\/?pwd=Qmc2eUFrdFFDWGdoRE5pRGlFbFBkUT09&#038;status=success\" target=\"_blank\" rel=\"noopener\"><span style=\"color: #b16faf;\"><strong>AQU\u00cd<\/strong><\/span><\/a>  <\/p>\n<\/li>\n<li>\n<p><span style=\"color: #824f9e;\"><strong>Por qu\u00e9 el cuerpo es la clave del cambio y c\u00f3mo trabajar con \u00e9l para sanar \u2013 <\/strong><\/span><span style=\"color: #b16faf;\">por la Newport Academy \u2013 4 de junio, 12:00 p. m. a 1:00 p. m. \u2013 Inscripci\u00f3n <\/span><a href=\"\/es\/zoom.us\/webinar\/register\/WN_Fd8J0CrxR_C_rHGwsj8Y4g\/\" target=\"_blank\" rel=\"noopener\"><span style=\"color: #b16faf;\"><strong>AQU\u00cd<\/strong><\/span><\/a>  <\/p>\n<\/li>\n<li>\n<p><span style=\"color: #824f9e;\"><strong>&quot;Trastornos del estado de \u00e1nimo com\u00f3rbidos y subcl\u00ednicos en ni\u00f1os y adolescentes&quot; \u2013 El juego juvenil en los videojuegos<\/strong><\/span> <span style=\"color: #000000;\">\u2013 <\/span><span style=\"color: #b16faf;\">por Newport Academy \u2013 5 de junio, 12:00 p. m. a 2:00 p. m. \u2013 Inscripci\u00f3n <\/span><a href=\"\/es\/www2.newportacademy.com\/e\/630821\/j-83328713583\/k1z5m\/241364900\/?h=99xY77Uo1964SNJtA669r2YeRYbnzuGrArako1w6utU\" target=\"_blank\" rel=\"noopener\"><span style=\"color: #b16faf;\"><strong>AQU\u00cd<\/strong><\/span><\/a>  <\/p>\n<\/li>\n<li>\n<p><span style=\"color: #824f9e;\"><strong>Mejorar la imagen corporal positiva en los clientes adolescentes: brindar una atenci\u00f3n eficaz en la cultura actual centrada en la imagen<\/strong><\/span><span style=\"color: #b16faf;\"><strong> \u2013 <\/strong><\/span><span style=\"color: #b16faf;\">por el Centro Renfrew \u2013 10 de junio, 12:00 p. m. a 1:00 p. m. \u2013 Inscr\u00edbase <\/span><a href=\"\/es\/attendee.gotowebinar.com\/register\/8968116418491751426\/\" target=\"_blank\" rel=\"noopener\"><span style=\"color: #b16faf;\"><strong>AQU\u00cd<\/strong><\/span><\/a> <\/p>\n<\/li>\n<\/ul>\n<p style=\"text-align: center;\"><span style=\"color: #824f9e;\">\u00a1Aparecen nuevos grupos de apoyo en l\u00ednea todos los d\u00edas! Encuentre una actividad de bienestar virtual o un grupo de apoyo en cualquier momento durante la pandemia en <\/span><a href=\"\/es\/calendar.google.com\/calendar\/embed\/?src=americorps%40thehubct.org&#038;ctz=America%2FNew_York\" target=\"_blank\" rel=\"noopener\"><span style=\"color: #824f9e;\"><strong>El calendario del Hub<\/strong><\/span><\/a><span style=\"color: #824f9e;\">.<\/span><\/p>\n<p style=\"text-align: center;\">\n<figure><img decoding=\"async\" src=\"https:\/\/static.wixstatic.com\/media\/8dc1cb_f55e58506a35431aa46f2475b5cf000b~mv2.png\/v1\/fit\/w_940,h_788,al_c,q_80\/file.png\" alt=\"\" title=\"\"><\/figure>\n<\/p>\n<hr>\n<p style=\"text-align: center;\"><strong>\u00bfQuieres que tu evento sobre salud mental o uso de sustancias se incluya en nuestro calendario regional y en nuestro env\u00edo masivo por correo electr\u00f3nico? <\/strong><\/p>\n<\/p>\n<ul>\n<li>\n<p>Env\u00ede un correo electr\u00f3nico a info@thehubct.org con el JPG de cualquier folleto de evento que desea que compartamos en futuras publicaciones como esta.   <\/p>\n<\/li>\n<li>\n<p>Para agregar su(s) evento(s) directamente a nuestra regi\u00f3n <a href=\"https:\/\/www.thehubct.org\/calendar\" target=\"_blank\" rel=\"noopener\"><span style=\"color: #0957a2;\">calendario<\/span><\/a> Env\u00ede una invitaci\u00f3n de calendario a info@thehubct.org.  <\/p>\n<\/li>\n<li>\n<p>Para recibir esta r\u00e1faga, suscr\u00edbase a thehubct.org <\/p>\n<\/li>\n<\/ul>\n<p style=\"text-align: center;\">","protected":false},"excerpt":{"rendered":"<p>Mental Health Awareness During COVID-19 &#8220;So far, 2020 has been marked by stress, isolation, and uncertainty, even for those lucky to have&#8230;<\/p>","protected":false},"author":2,"featured_media":0,"comment_status":"open","ping_status":"open","sticky":false,"template":"","format":"standard","meta":{"_acf_changed":false,"inline_featured_image":false,"_uf_show_specific_survey":0,"_uf_disable_surveys":false,"footnotes":""},"categories":[1],"tags":[],"class_list":["post-1444","post","type-post","status-publish","format-standard","hentry","category-uncategorized"],"acf":[],"featured_image_src":null,"featured_image_src_square":null,"author_info":{"display_name":"Howard Buksbaum","author_link":"https:\/\/catalystct.org\/es\/author\/howardberrycreativellc-com\/"},"_links":{"self":[{"href":"https:\/\/catalystct.org\/es\/wp-json\/wp\/v2\/posts\/1444","targetHints":{"allow":["GET"]}}],"collection":[{"href":"https:\/\/catalystct.org\/es\/wp-json\/wp\/v2\/posts"}],"about":[{"href":"https:\/\/catalystct.org\/es\/wp-json\/wp\/v2\/types\/post"}],"author":[{"embeddable":true,"href":"https:\/\/catalystct.org\/es\/wp-json\/wp\/v2\/users\/2"}],"replies":[{"embeddable":true,"href":"https:\/\/catalystct.org\/es\/wp-json\/wp\/v2\/comments?post=1444"}],"version-history":[{"count":0,"href":"https:\/\/catalystct.org\/es\/wp-json\/wp\/v2\/posts\/1444\/revisions"}],"wp:attachment":[{"href":"https:\/\/catalystct.org\/es\/wp-json\/wp\/v2\/media?parent=1444"}],"wp:term":[{"taxonomy":"category","embeddable":true,"href":"https:\/\/catalystct.org\/es\/wp-json\/wp\/v2\/categories?post=1444"},{"taxonomy":"post_tag","embeddable":true,"href":"https:\/\/catalystct.org\/es\/wp-json\/wp\/v2\/tags?post=1444"}],"curies":[{"name":"wp","href":"https:\/\/api.w.org\/{rel}","templated":true}]}}